{"id":1045,"date":"2025-12-08T14:47:02","date_gmt":"2025-12-08T13:47:02","guid":{"rendered":"http:\/\/maryarchitecte.fr\/?p=1045"},"modified":"2025-12-08T15:12:10","modified_gmt":"2025-12-08T14:12:10","slug":"renovation-energetique-dampleur-et-extension-k","status":"publish","type":"post","link":"https:\/\/maryarchitecte.fr\/index.php\/2025\/12\/08\/renovation-energetique-dampleur-et-extension-k\/","title":{"rendered":"R\u00e9novation \u00e9nerg\u00e9tique d&rsquo;ampleur et extension K"},"content":{"rendered":"\n<figure class=\"wp-block-gallery has-nested-images columns-default is-cropped wp-block-gallery-1 is-layout-flex\">\n<figure class=\"wp-block-image size-large\"><img decoding=\"async\" loading=\"lazy\" width=\"1024\" height=\"587\" data-id=\"1070\"  src=\"https:\/\/maryarchitecte.fr\/wp-content\/uploads\/2025\/12\/IMG_1828-1-1024x587.jpg\" alt=\"\" class=\"wp-image-1070\" srcset=\"https:\/\/maryarchitecte.fr\/wp-content\/uploads\/2025\/12\/IMG_1828-1-1024x587.jpg 1024w, https:\/\/maryarchitecte.fr\/wp-content\/uploads\/2025\/12\/IMG_1828-1-300x172.jpg 300w, https:\/\/maryarchitecte.fr\/wp-content\/uploads\/2025\/12\/IMG_1828-1-768x440.jpg 768w, https:\/\/maryarchitecte.fr\/wp-content\/uploads\/2025\/12\/IMG_1828-1-1536x880.jpg 1536w, https:\/\/maryarchitecte.fr\/wp-content\/uploads\/2025\/12\/IMG_1828-1-2048x1174.jpg 2048w, https:\/\/maryarchitecte.fr\/wp-content\/uploads\/2025\/12\/IMG_1828-1-400x229.jpg 400w\" sizes=\"(max-width: 1024px) 100vw, 1024px\" \/><\/figure>\n\n\n\n<figure class=\"wp-block-image size-large\"><img decoding=\"async\" loading=\"lazy\" width=\"1024\" height=\"527\" data-id=\"1069\"  src=\"https:\/\/maryarchitecte.fr\/wp-content\/uploads\/2025\/12\/IMG_1577-1-1024x527.jpg\" alt=\"\" class=\"wp-image-1069\" srcset=\"https:\/\/maryarchitecte.fr\/wp-content\/uploads\/2025\/12\/IMG_1577-1-1024x527.jpg 1024w, https:\/\/maryarchitecte.fr\/wp-content\/uploads\/2025\/12\/IMG_1577-1-300x155.jpg 300w, https:\/\/maryarchitecte.fr\/wp-content\/uploads\/2025\/12\/IMG_1577-1-768x396.jpg 768w, https:\/\/maryarchitecte.fr\/wp-content\/uploads\/2025\/12\/IMG_1577-1-1536x791.jpg 1536w, https:\/\/maryarchitecte.fr\/wp-content\/uploads\/2025\/12\/IMG_1577-1-2048x1055.jpg 2048w, https:\/\/maryarchitecte.fr\/wp-content\/uploads\/2025\/12\/IMG_1577-1-400x206.jpg 400w\" sizes=\"(max-width: 1024px) 100vw, 1024px\" \/><\/figure>\n<\/figure>\n\n\n\n<p>L&rsquo;agencement de cette maison des ann\u00e9es 1980 va \u00eatre revu dans sa totalit\u00e9 afin de s&rsquo;adapter \u00e0 son nouvel occupant. La v\u00e9randa existante est d\u00e9mont\u00e9e pour laisser la place \u00e0 une construction en ossature bois int\u00e9gr\u00e9e au volume int\u00e9rieur de la maison. Toutes les cloisons int\u00e9rieures sont d\u00e9molies pour r\u00e9agencer les espaces.<\/p>\n\n\n\n<p><\/p>\n\n\n\n<p><\/p>\n\n\n\n<p style=\"font-style:normal;font-weight:600;text-decoration:underline;text-transform:none\">Ce projet se fait en parall\u00e8le d&rsquo;une <strong>r\u00e9novation \u00e9nerg\u00e9tique compl\u00e8te<\/strong> <\/p>\n\n\n\n<div class=\"wp-block-group is-nowrap is-layout-flex wp-container-5\">\n<div class=\"wp-block-group is-nowrap is-layout-flex wp-container-4\">\n<div class=\"wp-block-group is-content-justification-center is-nowrap is-layout-flex wp-container-3\">\n<p class=\"has-text-align-center has-black-color has-text-color has-background\" style=\"background:radial-gradient(rgb(254,205,165) 0%,rgb(254,45,45) 50%,rgb(107,0,62) 100%);font-size:21px\">\u00c9tiquette \u00e9nergie initiale : E<\/p>\n\n\n\n<p class=\"has-text-align-center has-black-color has-text-color has-background\" style=\"background:radial-gradient(rgb(202,248,128) 0%,rgb(113,206,126) 100%);font-size:21px\">\u00c9tiquette \u00e9nergie apr\u00e8s travaux : B<\/p>\n<\/div>\n<\/div>\n<\/div>\n\n\n\n<ul>\n<li>isolation thermique des combles en ouate de cellulose<\/li>\n<\/ul>\n\n\n\n<ul>\n<li>isolation thermique des murs en fibre de bois <\/li>\n<\/ul>\n\n\n\n<ul>\n<li>isolation thermique des planchers bas <\/li>\n<\/ul>\n\n\n\n<ul>\n<li>changement de toutes les menuiseries ext\u00e9rieures<\/li>\n<\/ul>\n\n\n\n<ul>\n<li>changement du syst\u00e8me de chauffage (pompe \u00e0 chaleur + po\u00eale \u00e0 granul\u00e9s)<\/li>\n<\/ul>\n\n\n\n<ul>\n<li>Pour le confort d&rsquo;\u00e9t\u00e9, installation de brasseurs d&rsquo;air dans toutes les pi\u00e8ces<\/li>\n<\/ul>\n\n\n\n<figure class=\"wp-block-image size-large\"><img decoding=\"async\" loading=\"lazy\" width=\"1024\" height=\"923\" src=\"http:\/\/maryarchitecte.fr\/wp-content\/uploads\/2025\/12\/IMG_7491-1-scaled-e1765200780800-1024x923.jpg\" alt=\"\" class=\"wp-image-1084\" srcset=\"https:\/\/maryarchitecte.fr\/wp-content\/uploads\/2025\/12\/IMG_7491-1-scaled-e1765200780800-1024x923.jpg 1024w, https:\/\/maryarchitecte.fr\/wp-content\/uploads\/2025\/12\/IMG_7491-1-scaled-e1765200780800-300x270.jpg 300w, https:\/\/maryarchitecte.fr\/wp-content\/uploads\/2025\/12\/IMG_7491-1-scaled-e1765200780800-768x692.jpg 768w, https:\/\/maryarchitecte.fr\/wp-content\/uploads\/2025\/12\/IMG_7491-1-scaled-e1765200780800-1536x1384.jpg 1536w, https:\/\/maryarchitecte.fr\/wp-content\/uploads\/2025\/12\/IMG_7491-1-scaled-e1765200780800-2048x1845.jpg 2048w, https:\/\/maryarchitecte.fr\/wp-content\/uploads\/2025\/12\/IMG_7491-1-scaled-e1765200780800-400x360.jpg 400w\" sizes=\"(max-width: 1024px) 100vw, 1024px\" \/><\/figure>\n\n\n\n<figure class=\"wp-block-image size-large\"><img decoding=\"async\" loading=\"lazy\" width=\"1024\" height=\"768\" src=\"http:\/\/maryarchitecte.fr\/wp-content\/uploads\/2025\/12\/IMG_6622-1-1024x768.jpg\" alt=\"\" class=\"wp-image-1077\" srcset=\"https:\/\/maryarchitecte.fr\/wp-content\/uploads\/2025\/12\/IMG_6622-1-1024x768.jpg 1024w, https:\/\/maryarchitecte.fr\/wp-content\/uploads\/2025\/12\/IMG_6622-1-300x225.jpg 300w, https:\/\/maryarchitecte.fr\/wp-content\/uploads\/2025\/12\/IMG_6622-1-768x576.jpg 768w, https:\/\/maryarchitecte.fr\/wp-content\/uploads\/2025\/12\/IMG_6622-1-1536x1152.jpg 1536w, https:\/\/maryarchitecte.fr\/wp-content\/uploads\/2025\/12\/IMG_6622-1-2048x1536.jpg 2048w, https:\/\/maryarchitecte.fr\/wp-content\/uploads\/2025\/12\/IMG_6622-1-400x300.jpg 400w\" sizes=\"(max-width: 1024px) 100vw, 1024px\" \/><figcaption class=\"wp-element-caption\">Un nouveau sol est mis en oeuvre : choix d&rsquo;une chape fluide anhydrite s\u00e9lectionn\u00e9e pour sa teinte naturelle (travail en amont avec le chapiste) et pour l&rsquo;absence de joints de fractionnement qu&rsquo;elle accepte. Cela donne un sol de teinte tr\u00e8s douce et continu dans toute la maison. Un traitement lui a \u00e9t\u00e9 appliqu\u00e9 par la suite pour la prot\u00e9ger (type vitrificateur).  <\/figcaption><\/figure>\n\n\n\n<figure class=\"wp-block-image size-large\"><img decoding=\"async\" loading=\"lazy\" width=\"1024\" height=\"768\" src=\"http:\/\/maryarchitecte.fr\/wp-content\/uploads\/2025\/12\/IMG_6635-1-1024x768.jpg\" alt=\"\" class=\"wp-image-1081\" srcset=\"https:\/\/maryarchitecte.fr\/wp-content\/uploads\/2025\/12\/IMG_6635-1-1024x768.jpg 1024w, https:\/\/maryarchitecte.fr\/wp-content\/uploads\/2025\/12\/IMG_6635-1-300x225.jpg 300w, https:\/\/maryarchitecte.fr\/wp-content\/uploads\/2025\/12\/IMG_6635-1-768x576.jpg 768w, https:\/\/maryarchitecte.fr\/wp-content\/uploads\/2025\/12\/IMG_6635-1-1536x1152.jpg 1536w, https:\/\/maryarchitecte.fr\/wp-content\/uploads\/2025\/12\/IMG_6635-1-2048x1536.jpg 2048w, https:\/\/maryarchitecte.fr\/wp-content\/uploads\/2025\/12\/IMG_6635-1-400x300.jpg 400w\" sizes=\"(max-width: 1024px) 100vw, 1024px\" \/><\/figure>\n\n\n\n<figure class=\"wp-block-image size-large\"><img decoding=\"async\" loading=\"lazy\" width=\"1024\" height=\"515\" src=\"http:\/\/maryarchitecte.fr\/wp-content\/uploads\/2025\/12\/IMG_6624-1-1024x515.jpg\" alt=\"\" class=\"wp-image-1078\" srcset=\"https:\/\/maryarchitecte.fr\/wp-content\/uploads\/2025\/12\/IMG_6624-1-1024x515.jpg 1024w, https:\/\/maryarchitecte.fr\/wp-content\/uploads\/2025\/12\/IMG_6624-1-300x151.jpg 300w, https:\/\/maryarchitecte.fr\/wp-content\/uploads\/2025\/12\/IMG_6624-1-768x386.jpg 768w, https:\/\/maryarchitecte.fr\/wp-content\/uploads\/2025\/12\/IMG_6624-1-1536x772.jpg 1536w, https:\/\/maryarchitecte.fr\/wp-content\/uploads\/2025\/12\/IMG_6624-1-2048x1029.jpg 2048w, https:\/\/maryarchitecte.fr\/wp-content\/uploads\/2025\/12\/IMG_6624-1-400x201.jpg 400w\" sizes=\"(max-width: 1024px) 100vw, 1024px\" \/><figcaption class=\"wp-element-caption\">la m\u00eame chape est coul\u00e9e dans l&rsquo;extension<\/figcaption><\/figure>\n\n\n\n<div class=\"wp-block-group alignwide is-layout-constrained\"><div class=\"wp-block-group__inner-container\">\n<div class=\"wp-block-group is-nowrap is-layout-flex wp-container-6\">\n<figure class=\"wp-block-image alignwide\"><img decoding=\"async\" loading=\"lazy\" width=\"1024\" height=\"768\" src=\"http:\/\/maryarchitecte.fr\/wp-content\/uploads\/2025\/12\/IMG_1551-1024x768.jpg\" alt=\"\" class=\"wp-image-1090\" srcset=\"https:\/\/maryarchitecte.fr\/wp-content\/uploads\/2025\/12\/IMG_1551-1024x768.jpg 1024w, https:\/\/maryarchitecte.fr\/wp-content\/uploads\/2025\/12\/IMG_1551-300x225.jpg 300w, https:\/\/maryarchitecte.fr\/wp-content\/uploads\/2025\/12\/IMG_1551-768x576.jpg 768w, https:\/\/maryarchitecte.fr\/wp-content\/uploads\/2025\/12\/IMG_1551-1536x1152.jpg 1536w, https:\/\/maryarchitecte.fr\/wp-content\/uploads\/2025\/12\/IMG_1551-2048x1536.jpg 2048w, https:\/\/maryarchitecte.fr\/wp-content\/uploads\/2025\/12\/IMG_1551-400x300.jpg 400w\" sizes=\"(max-width: 1024px) 100vw, 1024px\" \/><\/figure>\n\n\n\n<figure class=\"wp-block-image size-large\"><img decoding=\"async\" loading=\"lazy\" width=\"1024\" height=\"768\" src=\"http:\/\/maryarchitecte.fr\/wp-content\/uploads\/2025\/12\/IMG_4710-1-1024x768.jpg\" alt=\"\" class=\"wp-image-1071\" srcset=\"https:\/\/maryarchitecte.fr\/wp-content\/uploads\/2025\/12\/IMG_4710-1-1024x768.jpg 1024w, https:\/\/maryarchitecte.fr\/wp-content\/uploads\/2025\/12\/IMG_4710-1-300x225.jpg 300w, https:\/\/maryarchitecte.fr\/wp-content\/uploads\/2025\/12\/IMG_4710-1-768x576.jpg 768w, https:\/\/maryarchitecte.fr\/wp-content\/uploads\/2025\/12\/IMG_4710-1-1536x1152.jpg 1536w, https:\/\/maryarchitecte.fr\/wp-content\/uploads\/2025\/12\/IMG_4710-1-2048x1536.jpg 2048w, https:\/\/maryarchitecte.fr\/wp-content\/uploads\/2025\/12\/IMG_4710-1-400x300.jpg 400w\" sizes=\"(max-width: 1024px) 100vw, 1024px\" \/><\/figure>\n<\/div>\n<\/div><\/div>\n\n\n<div class=\"wp-block-image is-style-default\">\n<figure class=\"aligncenter size-large\"><img decoding=\"async\" loading=\"lazy\" width=\"1024\" height=\"768\" src=\"http:\/\/maryarchitecte.fr\/wp-content\/uploads\/2025\/12\/IMG_9189-1024x768.jpg\" alt=\"\" class=\"wp-image-1095\" srcset=\"https:\/\/maryarchitecte.fr\/wp-content\/uploads\/2025\/12\/IMG_9189-1024x768.jpg 1024w, https:\/\/maryarchitecte.fr\/wp-content\/uploads\/2025\/12\/IMG_9189-300x225.jpg 300w, https:\/\/maryarchitecte.fr\/wp-content\/uploads\/2025\/12\/IMG_9189-768x576.jpg 768w, https:\/\/maryarchitecte.fr\/wp-content\/uploads\/2025\/12\/IMG_9189-1536x1152.jpg 1536w, https:\/\/maryarchitecte.fr\/wp-content\/uploads\/2025\/12\/IMG_9189-2048x1536.jpg 2048w, https:\/\/maryarchitecte.fr\/wp-content\/uploads\/2025\/12\/IMG_9189-400x300.jpg 400w\" sizes=\"(max-width: 1024px) 100vw, 1024px\" \/><figcaption class=\"wp-element-caption\">une fois le client install\u00e9<\/figcaption><\/figure><\/div>\n\n\n<div class=\"wp-block-columns is-layout-flex wp-container-11\">\n<div class=\"wp-block-column is-layout-flow\" style=\"flex-basis:100%\">\n<figure class=\"wp-block-gallery has-nested-images columns-1 is-cropped wp-block-gallery-8 is-layout-flex\">\n<figure class=\"wp-block-image size-large\"><img decoding=\"async\" loading=\"lazy\" width=\"1024\" height=\"768\" src=\"https:\/\/maryarchitecte.fr\/wp-content\/uploads\/2025\/12\/IMG_9186-1024x768.jpg\" alt=\"\" class=\"wp-image-1092\" srcset=\"https:\/\/maryarchitecte.fr\/wp-content\/uploads\/2025\/12\/IMG_9186-1024x768.jpg 1024w, https:\/\/maryarchitecte.fr\/wp-content\/uploads\/2025\/12\/IMG_9186-300x225.jpg 300w, https:\/\/maryarchitecte.fr\/wp-content\/uploads\/2025\/12\/IMG_9186-768x576.jpg 768w, https:\/\/maryarchitecte.fr\/wp-content\/uploads\/2025\/12\/IMG_9186-1536x1152.jpg 1536w, https:\/\/maryarchitecte.fr\/wp-content\/uploads\/2025\/12\/IMG_9186-2048x1536.jpg 2048w, https:\/\/maryarchitecte.fr\/wp-content\/uploads\/2025\/12\/IMG_9186-400x300.jpg 400w\" sizes=\"(max-width: 1024px) 100vw, 1024px\" \/><figcaption class=\"wp-element-caption\"><mark style=\"background-color:rgba(0, 0, 0, 0)\" class=\"has-inline-color has-cyan-bluish-gray-color\">Porte coulissante suivant le dessin cr\u00e9\u00e9 par le client.<\/mark><\/figcaption><\/figure>\n\n\n\n<figure class=\"wp-block-image size-large\"><img decoding=\"async\" loading=\"lazy\" width=\"1024\" height=\"768\" src=\"https:\/\/maryarchitecte.fr\/wp-content\/uploads\/2025\/12\/IMG_9188-1024x768.jpg\" alt=\"\" class=\"wp-image-1094\" srcset=\"https:\/\/maryarchitecte.fr\/wp-content\/uploads\/2025\/12\/IMG_9188-1024x768.jpg 1024w, https:\/\/maryarchitecte.fr\/wp-content\/uploads\/2025\/12\/IMG_9188-300x225.jpg 300w, https:\/\/maryarchitecte.fr\/wp-content\/uploads\/2025\/12\/IMG_9188-768x576.jpg 768w, https:\/\/maryarchitecte.fr\/wp-content\/uploads\/2025\/12\/IMG_9188-1536x1152.jpg 1536w, https:\/\/maryarchitecte.fr\/wp-content\/uploads\/2025\/12\/IMG_9188-2048x1536.jpg 2048w, https:\/\/maryarchitecte.fr\/wp-content\/uploads\/2025\/12\/IMG_9188-400x300.jpg 400w\" sizes=\"(max-width: 1024px) 100vw, 1024px\" \/><\/figure>\n\n\n\n<figure class=\"wp-block-image size-large\"><img decoding=\"async\" loading=\"lazy\" width=\"768\" height=\"1024\" src=\"https:\/\/maryarchitecte.fr\/wp-content\/uploads\/2025\/12\/IMG_9194-768x1024.jpg\" alt=\"\" class=\"wp-image-1101\" srcset=\"https:\/\/maryarchitecte.fr\/wp-content\/uploads\/2025\/12\/IMG_9194-768x1024.jpg 768w, https:\/\/maryarchitecte.fr\/wp-content\/uploads\/2025\/12\/IMG_9194-225x300.jpg 225w, https:\/\/maryarchitecte.fr\/wp-content\/uploads\/2025\/12\/IMG_9194-1152x1536.jpg 1152w, https:\/\/maryarchitecte.fr\/wp-content\/uploads\/2025\/12\/IMG_9194-1536x2048.jpg 1536w, https:\/\/maryarchitecte.fr\/wp-content\/uploads\/2025\/12\/IMG_9194-400x533.jpg 400w, https:\/\/maryarchitecte.fr\/wp-content\/uploads\/2025\/12\/IMG_9194-scaled.jpg 1920w\" sizes=\"(max-width: 768px) 100vw, 768px\" \/><\/figure>\n<\/figure>\n<\/div>\n<\/div>\n\n\n\n<p><\/p>\n","protected":false},"excerpt":{"rendered":"<p>L&rsquo;agencement de cette maison des ann\u00e9es 1980 va \u00eatre revu dans sa totalit\u00e9 afin de s&rsquo;adapter \u00e0 son nouvel occupant. La v\u00e9randa existante est d\u00e9mont\u00e9e pour laisser la place \u00e0 une construction en ossature bois int\u00e9gr\u00e9e au volume int\u00e9rieur de la maison. Toutes les cloisons int\u00e9rieures sont d\u00e9molies pour r\u00e9agencer les espaces. Ce projet se&hellip; <\/p>\n<p class=\"more-link-p\"><a class=\"more-link\" href=\"https:\/\/maryarchitecte.fr\/index.php\/2025\/12\/08\/renovation-energetique-dampleur-et-extension-k\/\">Continue reading <span class=\"meta-nav\">&rarr;<\/span><\/a><\/p>\n","protected":false},"author":1,"featured_media":1093,"comment_status":"closed","ping_status":"","sticky":false,"template":"","format":"gallery","meta":[],"categories":[4,3],"tags":[],"_links":{"self":[{"href":"https:\/\/maryarchitecte.fr\/index.php\/wp-json\/wp\/v2\/posts\/1045"}],"collection":[{"href":"https:\/\/maryarchitecte.fr\/index.php\/wp-json\/wp\/v2\/posts"}],"about":[{"href":"https:\/\/maryarchitecte.fr\/index.php\/wp-json\/wp\/v2\/types\/post"}],"author":[{"embeddable":true,"href":"https:\/\/maryarchitecte.fr\/index.php\/wp-json\/wp\/v2\/users\/1"}],"replies":[{"embeddable":true,"href":"https:\/\/maryarchitecte.fr\/index.php\/wp-json\/wp\/v2\/comments?post=1045"}],"version-history":[{"count":11,"href":"https:\/\/maryarchitecte.fr\/index.php\/wp-json\/wp\/v2\/posts\/1045\/revisions"}],"predecessor-version":[{"id":1107,"href":"https:\/\/maryarchitecte.fr\/index.php\/wp-json\/wp\/v2\/posts\/1045\/revisions\/1107"}],"wp:featuredmedia":[{"embeddable":true,"href":"https:\/\/maryarchitecte.fr\/index.php\/wp-json\/wp\/v2\/media\/1093"}],"wp:attachment":[{"href":"https:\/\/maryarchitecte.fr\/index.php\/wp-json\/wp\/v2\/media?parent=1045"}],"wp:term":[{"taxonomy":"category","embeddable":true,"href":"https:\/\/maryarchitecte.fr\/index.php\/wp-json\/wp\/v2\/categories?post=1045"},{"taxonomy":"post_tag","embeddable":true,"href":"https:\/\/maryarchitecte.fr\/index.php\/wp-json\/wp\/v2\/tags?post=1045"}],"curies":[{"name":"wp","href":"https:\/\/api.w.org\/{rel}","templated":true}]}}