{"id":637,"date":"2020-09-30T17:15:11","date_gmt":"2020-09-30T16:15:11","guid":{"rendered":"http:\/\/maryarchitecte.fr\/?p=637"},"modified":"2025-12-08T10:42:38","modified_gmt":"2025-12-08T09:42:38","slug":"renovation-a-nimes","status":"publish","type":"post","link":"https:\/\/maryarchitecte.fr\/index.php\/2020\/09\/30\/renovation-a-nimes\/","title":{"rendered":"R\u00e9novation A \/ N\u00eemes"},"content":{"rendered":"\n<p>Grand chamboulement pour les habitants de cette maison. <\/p>\n\n\n\n<p>Une suite chambre-salle de bains doit trouver sa place en rez-de-chauss\u00e9e, r\u00e9pondant aux nomes pour les personnes \u00e0 mobilit\u00e9 r\u00e9duites. <\/p>\n\n\n\n<p>L&rsquo;espace s\u00e9jour-salle \u00e0 manger conserve son emplacement initial en relation avec le jardin, et c&rsquo;est la cuisine qui migre dans un espace r\u00e9siduel de la maison, expos\u00e9 au nord. Une grande ouverture est perc\u00e9e dans le mur porteur afin d&rsquo;ouvrir cet espace cuisine vers la salle \u00e0 manger et agrandir l&rsquo;espace et la perspective.<\/p>\n\n\n\n<figure class=\"wp-block-gallery columns-3 is-cropped wp-block-gallery-1 is-layout-flex\"><ul class=\"blocks-gallery-grid\"><li class=\"blocks-gallery-item\"><figure><img decoding=\"async\" loading=\"lazy\" width=\"1024\" height=\"768\" src=\"http:\/\/maryarchitecte.fr\/wp-content\/uploads\/2020\/09\/IMG_1824-1-1024x768.jpg\" alt=\"\" data-id=\"638\" data-full-url=\"http:\/\/maryarchitecte.fr\/wp-content\/uploads\/2020\/09\/IMG_1824-1-scaled.jpg\" data-link=\"http:\/\/maryarchitecte.fr\/?attachment_id=638\" class=\"wp-image-638\" srcset=\"https:\/\/maryarchitecte.fr\/wp-content\/uploads\/2020\/09\/IMG_1824-1-1024x768.jpg 1024w, https:\/\/maryarchitecte.fr\/wp-content\/uploads\/2020\/09\/IMG_1824-1-300x225.jpg 300w, https:\/\/maryarchitecte.fr\/wp-content\/uploads\/2020\/09\/IMG_1824-1-768x576.jpg 768w, https:\/\/maryarchitecte.fr\/wp-content\/uploads\/2020\/09\/IMG_1824-1-1536x1152.jpg 1536w, https:\/\/maryarchitecte.fr\/wp-content\/uploads\/2020\/09\/IMG_1824-1-2048x1536.jpg 2048w, https:\/\/maryarchitecte.fr\/wp-content\/uploads\/2020\/09\/IMG_1824-1-400x300.jpg 400w\" sizes=\"(max-width: 1024px) 100vw, 1024px\" \/><\/figure><\/li><li class=\"blocks-gallery-item\"><figure><img decoding=\"async\" loading=\"lazy\" width=\"1024\" height=\"768\" src=\"http:\/\/maryarchitecte.fr\/wp-content\/uploads\/2020\/09\/IMG_1936-1024x768.jpg\" alt=\"\" data-id=\"640\" data-full-url=\"http:\/\/maryarchitecte.fr\/wp-content\/uploads\/2020\/09\/IMG_1936-scaled.jpg\" data-link=\"http:\/\/maryarchitecte.fr\/?attachment_id=640\" class=\"wp-image-640\" srcset=\"https:\/\/maryarchitecte.fr\/wp-content\/uploads\/2020\/09\/IMG_1936-1024x768.jpg 1024w, https:\/\/maryarchitecte.fr\/wp-content\/uploads\/2020\/09\/IMG_1936-300x225.jpg 300w, https:\/\/maryarchitecte.fr\/wp-content\/uploads\/2020\/09\/IMG_1936-768x576.jpg 768w, https:\/\/maryarchitecte.fr\/wp-content\/uploads\/2020\/09\/IMG_1936-1536x1152.jpg 1536w, https:\/\/maryarchitecte.fr\/wp-content\/uploads\/2020\/09\/IMG_1936-2048x1536.jpg 2048w, https:\/\/maryarchitecte.fr\/wp-content\/uploads\/2020\/09\/IMG_1936-400x300.jpg 400w\" sizes=\"(max-width: 1024px) 100vw, 1024px\" \/><\/figure><\/li><li class=\"blocks-gallery-item\"><figure><img decoding=\"async\" loading=\"lazy\" width=\"1024\" height=\"768\" src=\"http:\/\/maryarchitecte.fr\/wp-content\/uploads\/2020\/09\/IMG_2130-1-1024x768.jpg\" alt=\"\" data-id=\"642\" data-full-url=\"http:\/\/maryarchitecte.fr\/wp-content\/uploads\/2020\/09\/IMG_2130-1-scaled.jpg\" data-link=\"http:\/\/maryarchitecte.fr\/?attachment_id=642\" class=\"wp-image-642\" srcset=\"https:\/\/maryarchitecte.fr\/wp-content\/uploads\/2020\/09\/IMG_2130-1-1024x768.jpg 1024w, https:\/\/maryarchitecte.fr\/wp-content\/uploads\/2020\/09\/IMG_2130-1-300x225.jpg 300w, https:\/\/maryarchitecte.fr\/wp-content\/uploads\/2020\/09\/IMG_2130-1-768x576.jpg 768w, https:\/\/maryarchitecte.fr\/wp-content\/uploads\/2020\/09\/IMG_2130-1-1536x1152.jpg 1536w, https:\/\/maryarchitecte.fr\/wp-content\/uploads\/2020\/09\/IMG_2130-1-2048x1536.jpg 2048w, https:\/\/maryarchitecte.fr\/wp-content\/uploads\/2020\/09\/IMG_2130-1-400x300.jpg 400w\" sizes=\"(max-width: 1024px) 100vw, 1024px\" \/><\/figure><\/li><li class=\"blocks-gallery-item\"><figure><img decoding=\"async\" loading=\"lazy\" width=\"1024\" height=\"768\" src=\"http:\/\/maryarchitecte.fr\/wp-content\/uploads\/2020\/09\/IMG_2174-1-1024x768.jpg\" alt=\"\" data-id=\"643\" data-full-url=\"http:\/\/maryarchitecte.fr\/wp-content\/uploads\/2020\/09\/IMG_2174-1-scaled.jpg\" data-link=\"http:\/\/maryarchitecte.fr\/?attachment_id=643\" class=\"wp-image-643\" srcset=\"https:\/\/maryarchitecte.fr\/wp-content\/uploads\/2020\/09\/IMG_2174-1-1024x768.jpg 1024w, https:\/\/maryarchitecte.fr\/wp-content\/uploads\/2020\/09\/IMG_2174-1-300x225.jpg 300w, https:\/\/maryarchitecte.fr\/wp-content\/uploads\/2020\/09\/IMG_2174-1-768x576.jpg 768w, https:\/\/maryarchitecte.fr\/wp-content\/uploads\/2020\/09\/IMG_2174-1-1536x1152.jpg 1536w, https:\/\/maryarchitecte.fr\/wp-content\/uploads\/2020\/09\/IMG_2174-1-2048x1536.jpg 2048w, https:\/\/maryarchitecte.fr\/wp-content\/uploads\/2020\/09\/IMG_2174-1-400x300.jpg 400w\" sizes=\"(max-width: 1024px) 100vw, 1024px\" \/><figcaption class=\"blocks-gallery-item__caption\">ouverture des espaces<\/figcaption><\/figure><\/li><\/ul><figcaption class=\"blocks-gallery-caption\">La d\u00e9molition<\/figcaption><\/figure>\n\n\n\n<figure class=\"wp-block-image size-large\"><img decoding=\"async\" loading=\"lazy\" width=\"768\" height=\"1024\" src=\"http:\/\/maryarchitecte.fr\/wp-content\/uploads\/2020\/09\/IMG_3124-768x1024.jpg\" alt=\"\" class=\"wp-image-836\" srcset=\"https:\/\/maryarchitecte.fr\/wp-content\/uploads\/2020\/09\/IMG_3124-768x1024.jpg 768w, https:\/\/maryarchitecte.fr\/wp-content\/uploads\/2020\/09\/IMG_3124-225x300.jpg 225w, https:\/\/maryarchitecte.fr\/wp-content\/uploads\/2020\/09\/IMG_3124-1152x1536.jpg 1152w, https:\/\/maryarchitecte.fr\/wp-content\/uploads\/2020\/09\/IMG_3124-1536x2048.jpg 1536w, https:\/\/maryarchitecte.fr\/wp-content\/uploads\/2020\/09\/IMG_3124-400x533.jpg 400w, https:\/\/maryarchitecte.fr\/wp-content\/uploads\/2020\/09\/IMG_3124-scaled.jpg 1920w\" sizes=\"(max-width: 768px) 100vw, 768px\" \/><figcaption>cr\u00e9ation d&rsquo;une cuisine en lien avec le s\u00e9jour-salle \u00e0 manger<\/figcaption><\/figure>\n\n\n\n<figure class=\"wp-block-image size-large\"><img decoding=\"async\" loading=\"lazy\" width=\"1024\" height=\"768\" src=\"http:\/\/maryarchitecte.fr\/wp-content\/uploads\/2020\/09\/IMG_3505-1024x768.jpeg\" alt=\"\" class=\"wp-image-837\" srcset=\"https:\/\/maryarchitecte.fr\/wp-content\/uploads\/2020\/09\/IMG_3505-1024x768.jpeg 1024w, https:\/\/maryarchitecte.fr\/wp-content\/uploads\/2020\/09\/IMG_3505-300x225.jpeg 300w, https:\/\/maryarchitecte.fr\/wp-content\/uploads\/2020\/09\/IMG_3505-768x576.jpeg 768w, https:\/\/maryarchitecte.fr\/wp-content\/uploads\/2020\/09\/IMG_3505-1536x1152.jpeg 1536w, https:\/\/maryarchitecte.fr\/wp-content\/uploads\/2020\/09\/IMG_3505-2048x1536.jpeg 2048w, https:\/\/maryarchitecte.fr\/wp-content\/uploads\/2020\/09\/IMG_3505-400x300.jpeg 400w\" sizes=\"(max-width: 1024px) 100vw, 1024px\" \/><figcaption>cr\u00e9ation d&rsquo;une terrasse en b\u00e9ton color\u00e9<\/figcaption><\/figure>\n\n\n\n<div class=\"wp-block-group\"><div class=\"wp-block-group__inner-container is-layout-flow\">\n<figure class=\"wp-block-image size-large\"><img decoding=\"async\" loading=\"lazy\" width=\"1024\" height=\"768\" src=\"http:\/\/maryarchitecte.fr\/wp-content\/uploads\/2020\/09\/IMG_2832-1024x768.jpg\" alt=\"\" class=\"wp-image-651\" srcset=\"https:\/\/maryarchitecte.fr\/wp-content\/uploads\/2020\/09\/IMG_2832-1024x768.jpg 1024w, https:\/\/maryarchitecte.fr\/wp-content\/uploads\/2020\/09\/IMG_2832-300x225.jpg 300w, https:\/\/maryarchitecte.fr\/wp-content\/uploads\/2020\/09\/IMG_2832-768x576.jpg 768w, https:\/\/maryarchitecte.fr\/wp-content\/uploads\/2020\/09\/IMG_2832-1536x1152.jpg 1536w, https:\/\/maryarchitecte.fr\/wp-content\/uploads\/2020\/09\/IMG_2832-2048x1536.jpg 2048w, https:\/\/maryarchitecte.fr\/wp-content\/uploads\/2020\/09\/IMG_2832-400x300.jpg 400w\" sizes=\"(max-width: 1024px) 100vw, 1024px\" \/><\/figure>\n<\/div><\/div>\n\n\n\n<div class=\"wp-block-group\"><div class=\"wp-block-group__inner-container is-layout-flow\">\n<figure class=\"wp-block-gallery columns-3 is-cropped wp-block-gallery-4 is-layout-flex\"><ul class=\"blocks-gallery-grid\"><li class=\"blocks-gallery-item\"><figure><img decoding=\"async\" loading=\"lazy\" width=\"1024\" height=\"768\" src=\"http:\/\/maryarchitecte.fr\/wp-content\/uploads\/2020\/09\/IMG_2766-1-1024x768.jpg\" alt=\"\" data-id=\"644\" data-full-url=\"http:\/\/maryarchitecte.fr\/wp-content\/uploads\/2020\/09\/IMG_2766-1-scaled.jpg\" data-link=\"http:\/\/maryarchitecte.fr\/?attachment_id=644\" class=\"wp-image-644\" srcset=\"https:\/\/maryarchitecte.fr\/wp-content\/uploads\/2020\/09\/IMG_2766-1-1024x768.jpg 1024w, https:\/\/maryarchitecte.fr\/wp-content\/uploads\/2020\/09\/IMG_2766-1-300x225.jpg 300w, https:\/\/maryarchitecte.fr\/wp-content\/uploads\/2020\/09\/IMG_2766-1-768x576.jpg 768w, https:\/\/maryarchitecte.fr\/wp-content\/uploads\/2020\/09\/IMG_2766-1-1536x1152.jpg 1536w, https:\/\/maryarchitecte.fr\/wp-content\/uploads\/2020\/09\/IMG_2766-1-2048x1536.jpg 2048w, https:\/\/maryarchitecte.fr\/wp-content\/uploads\/2020\/09\/IMG_2766-1-400x300.jpg 400w\" sizes=\"(max-width: 1024px) 100vw, 1024px\" \/><\/figure><\/li><li class=\"blocks-gallery-item\"><figure><img decoding=\"async\" loading=\"lazy\" width=\"1024\" height=\"768\" src=\"http:\/\/maryarchitecte.fr\/wp-content\/uploads\/2020\/09\/IMG_2834-1024x768.jpg\" alt=\"\" data-id=\"652\" data-full-url=\"http:\/\/maryarchitecte.fr\/wp-content\/uploads\/2020\/09\/IMG_2834-scaled.jpg\" data-link=\"http:\/\/maryarchitecte.fr\/?attachment_id=652\" class=\"wp-image-652\" srcset=\"https:\/\/maryarchitecte.fr\/wp-content\/uploads\/2020\/09\/IMG_2834-1024x768.jpg 1024w, https:\/\/maryarchitecte.fr\/wp-content\/uploads\/2020\/09\/IMG_2834-300x225.jpg 300w, https:\/\/maryarchitecte.fr\/wp-content\/uploads\/2020\/09\/IMG_2834-768x576.jpg 768w, https:\/\/maryarchitecte.fr\/wp-content\/uploads\/2020\/09\/IMG_2834-1536x1152.jpg 1536w, https:\/\/maryarchitecte.fr\/wp-content\/uploads\/2020\/09\/IMG_2834-2048x1536.jpg 2048w, https:\/\/maryarchitecte.fr\/wp-content\/uploads\/2020\/09\/IMG_2834-400x300.jpg 400w\" sizes=\"(max-width: 1024px) 100vw, 1024px\" \/><\/figure><\/li><li class=\"blocks-gallery-item\"><figure><img decoding=\"async\" loading=\"lazy\" width=\"1024\" height=\"768\" src=\"http:\/\/maryarchitecte.fr\/wp-content\/uploads\/2020\/09\/IMG_2826-1024x768.jpg\" alt=\"\" data-id=\"649\" data-full-url=\"http:\/\/maryarchitecte.fr\/wp-content\/uploads\/2020\/09\/IMG_2826-scaled.jpg\" data-link=\"http:\/\/maryarchitecte.fr\/?attachment_id=649\" class=\"wp-image-649\" srcset=\"https:\/\/maryarchitecte.fr\/wp-content\/uploads\/2020\/09\/IMG_2826-1024x768.jpg 1024w, https:\/\/maryarchitecte.fr\/wp-content\/uploads\/2020\/09\/IMG_2826-300x225.jpg 300w, https:\/\/maryarchitecte.fr\/wp-content\/uploads\/2020\/09\/IMG_2826-768x576.jpg 768w, https:\/\/maryarchitecte.fr\/wp-content\/uploads\/2020\/09\/IMG_2826-1536x1152.jpg 1536w, https:\/\/maryarchitecte.fr\/wp-content\/uploads\/2020\/09\/IMG_2826-2048x1536.jpg 2048w, https:\/\/maryarchitecte.fr\/wp-content\/uploads\/2020\/09\/IMG_2826-400x300.jpg 400w\" sizes=\"(max-width: 1024px) 100vw, 1024px\" \/><\/figure><\/li><li class=\"blocks-gallery-item\"><figure><img decoding=\"async\" loading=\"lazy\" width=\"1024\" height=\"768\" src=\"http:\/\/maryarchitecte.fr\/wp-content\/uploads\/2020\/09\/IMG_2818-1024x768.jpg\" alt=\"\" data-id=\"648\" data-full-url=\"http:\/\/maryarchitecte.fr\/wp-content\/uploads\/2020\/09\/IMG_2818-scaled.jpg\" data-link=\"http:\/\/maryarchitecte.fr\/?attachment_id=648\" class=\"wp-image-648\" srcset=\"https:\/\/maryarchitecte.fr\/wp-content\/uploads\/2020\/09\/IMG_2818-1024x768.jpg 1024w, https:\/\/maryarchitecte.fr\/wp-content\/uploads\/2020\/09\/IMG_2818-300x225.jpg 300w, https:\/\/maryarchitecte.fr\/wp-content\/uploads\/2020\/09\/IMG_2818-768x576.jpg 768w, https:\/\/maryarchitecte.fr\/wp-content\/uploads\/2020\/09\/IMG_2818-1536x1152.jpg 1536w, https:\/\/maryarchitecte.fr\/wp-content\/uploads\/2020\/09\/IMG_2818-2048x1536.jpg 2048w, https:\/\/maryarchitecte.fr\/wp-content\/uploads\/2020\/09\/IMG_2818-400x300.jpg 400w\" sizes=\"(max-width: 1024px) 100vw, 1024px\" \/><\/figure><\/li><\/ul><figcaption class=\"blocks-gallery-caption\">Mise en oeuvre d&rsquo;un assainissement autonome par phyto-\u00e9puration<\/figcaption><\/figure>\n<\/div><\/div>\n","protected":false},"excerpt":{"rendered":"<p>Grand chamboulement pour les habitants de cette maison. Une suite chambre-salle de bains doit trouver sa place en rez-de-chauss\u00e9e, r\u00e9pondant aux nomes pour les personnes \u00e0 mobilit\u00e9 r\u00e9duites. L&rsquo;espace s\u00e9jour-salle \u00e0 manger conserve son emplacement initial en relation avec le jardin, et c&rsquo;est la cuisine qui migre dans un espace r\u00e9siduel de la maison, expos\u00e9&hellip; <\/p>\n<p class=\"more-link-p\"><a class=\"more-link\" href=\"https:\/\/maryarchitecte.fr\/index.php\/2020\/09\/30\/renovation-a-nimes\/\">Continue reading <span class=\"meta-nav\">&rarr;<\/span><\/a><\/p>\n","protected":false},"author":1,"featured_media":651,"comment_status":"closed","ping_status":"closed","sticky":false,"template":"","format":"gallery","meta":[],"categories":[3],"tags":[],"_links":{"self":[{"href":"https:\/\/maryarchitecte.fr\/index.php\/wp-json\/wp\/v2\/posts\/637"}],"collection":[{"href":"https:\/\/maryarchitecte.fr\/index.php\/wp-json\/wp\/v2\/posts"}],"about":[{"href":"https:\/\/maryarchitecte.fr\/index.php\/wp-json\/wp\/v2\/types\/post"}],"author":[{"embeddable":true,"href":"https:\/\/maryarchitecte.fr\/index.php\/wp-json\/wp\/v2\/users\/1"}],"replies":[{"embeddable":true,"href":"https:\/\/maryarchitecte.fr\/index.php\/wp-json\/wp\/v2\/comments?post=637"}],"version-history":[{"count":5,"href":"https:\/\/maryarchitecte.fr\/index.php\/wp-json\/wp\/v2\/posts\/637\/revisions"}],"predecessor-version":[{"id":1044,"href":"https:\/\/maryarchitecte.fr\/index.php\/wp-json\/wp\/v2\/posts\/637\/revisions\/1044"}],"wp:featuredmedia":[{"embeddable":true,"href":"https:\/\/maryarchitecte.fr\/index.php\/wp-json\/wp\/v2\/media\/651"}],"wp:attachment":[{"href":"https:\/\/maryarchitecte.fr\/index.php\/wp-json\/wp\/v2\/media?parent=637"}],"wp:term":[{"taxonomy":"category","embeddable":true,"href":"https:\/\/maryarchitecte.fr\/index.php\/wp-json\/wp\/v2\/categories?post=637"},{"taxonomy":"post_tag","embeddable":true,"href":"https:\/\/maryarchitecte.fr\/index.php\/wp-json\/wp\/v2\/tags?post=637"}],"curies":[{"name":"wp","href":"https:\/\/api.w.org\/{rel}","templated":true}]}}